{"id":1621,"date":"2025-06-16T15:31:39","date_gmt":"2025-06-16T13:31:39","guid":{"rendered":"https:\/\/www.zirkel-guetersloh.de\/?p=1621"},"modified":"2025-06-16T15:55:42","modified_gmt":"2025-06-16T13:55:42","slug":"nordsee-urlaub-ab-ans-meer","status":"publish","type":"post","link":"https:\/\/www.zirkel-guetersloh.de\/index.php\/2025\/06\/16\/nordsee-urlaub-ab-ans-meer\/","title":{"rendered":"Nordsee-Urlaub: Ab ans Meer!"},"content":{"rendered":"\t\t<div data-elementor-type=\"wp-post\" data-elementor-id=\"1621\" class=\"elementor elementor-1621\">\n\t\t\t\t<div class=\"aux-parallax-section elementor-element elementor-element-4af62f15 e-flex e-con-boxed e-con e-parent\" data-id=\"4af62f15\" data-element_type=\"container\" data-e-type=\"container\" data-settings=\"{&quot;background_background&quot;:&quot;classic&quot;,&quot;_ob_use_container_extras&quot;:&quot;no&quot;,&quot;_ob_column_hoveranimator&quot;:&quot;no&quot;,&quot;_ob_glider_is_slider&quot;:&quot;no&quot;,&quot;_ob_column_has_pseudo&quot;:&quot;no&quot;}\">\n\t\t\t\t\t<div class=\"e-con-inner\">\n\t\t\t\t<div class=\"elementor-element elementor-element-6025b0ce ob-harakiri-inherit ob-has-background-overlay elementor-widget elementor-widget-heading\" data-id=\"6025b0ce\" data-element_type=\"widget\" data-e-type=\"widget\" data-settings=\"{&quot;_ob_use_harakiri&quot;:&quot;yes&quot;,&quot;_ob_harakiri_writing_mode&quot;:&quot;inherit&quot;,&quot;_ob_harakiri_text_clip&quot;:&quot;none&quot;,&quot;_ob_widget_stalker_use&quot;:&quot;no&quot;,&quot;_ob_poopart_use&quot;:&quot;yes&quot;,&quot;_ob_shadough_use&quot;:&quot;no&quot;,&quot;_ob_allow_hoveranimator&quot;:&quot;no&quot;}\" data-widget_type=\"heading.default\">\n\t\t\t\t<div class=\"elementor-widget-container\">\n\t\t\t\t\t<h1 class=\"elementor-heading-title elementor-size-default\">Nordsee-Urlaub<\/h1>\t\t\t\t<\/div>\n\t\t\t\t<\/div>\n\t\t\t\t\t<\/div>\n\t\t\t\t<\/div>\n\t\t<div class=\"aux-parallax-section elementor-element elementor-element-6a7cd7d4 e-flex e-con-boxed e-con e-parent\" data-id=\"6a7cd7d4\" data-element_type=\"container\" data-e-type=\"container\" data-settings=\"{&quot;_ob_use_container_extras&quot;:&quot;no&quot;,&quot;_ob_column_hoveranimator&quot;:&quot;no&quot;,&quot;_ob_glider_is_slider&quot;:&quot;no&quot;,&quot;_ob_column_has_pseudo&quot;:&quot;no&quot;}\">\n\t\t\t\t\t<div class=\"e-con-inner\">\n\t\t<div class=\"elementor-element elementor-element-7657835 e-con-full e-flex e-con e-child\" data-id=\"7657835\" data-element_type=\"container\" data-e-type=\"container\" data-settings=\"{&quot;_ob_use_container_extras&quot;:&quot;no&quot;,&quot;_ob_column_hoveranimator&quot;:&quot;no&quot;,&quot;_ob_glider_is_slider&quot;:&quot;no&quot;,&quot;_ob_column_has_pseudo&quot;:&quot;no&quot;}\">\n\t\t\t\t<div class=\"elementor-element elementor-element-5d393746 ob-harakiri-inherit ob-has-background-overlay elementor-widget elementor-widget-heading\" data-id=\"5d393746\" data-element_type=\"widget\" data-e-type=\"widget\" data-settings=\"{&quot;_ob_use_harakiri&quot;:&quot;yes&quot;,&quot;_ob_harakiri_writing_mode&quot;:&quot;inherit&quot;,&quot;_ob_harakiri_text_clip&quot;:&quot;none&quot;,&quot;_ob_widget_stalker_use&quot;:&quot;no&quot;,&quot;_ob_poopart_use&quot;:&quot;yes&quot;,&quot;_ob_shadough_use&quot;:&quot;no&quot;,&quot;_ob_allow_hoveranimator&quot;:&quot;no&quot;}\" data-widget_type=\"heading.default\">\n\t\t\t\t<div class=\"elementor-widget-container\">\n\t\t\t\t\t<h3 class=\"elementor-heading-title elementor-size-default\">Ab ans Meer...<\/h3>\t\t\t\t<\/div>\n\t\t\t\t<\/div>\n\t\t\t\t<div class=\"elementor-element elementor-element-c7a3b30 ob-harakiri-inherit ob-has-background-overlay elementor-widget elementor-widget-text-editor\" data-id=\"c7a3b30\" data-element_type=\"widget\" data-e-type=\"widget\" data-settings=\"{&quot;_ob_use_harakiri&quot;:&quot;yes&quot;,&quot;_ob_harakiri_writing_mode&quot;:&quot;inherit&quot;,&quot;_ob_postman_use&quot;:&quot;no&quot;,&quot;_ob_widget_stalker_use&quot;:&quot;no&quot;,&quot;_ob_poopart_use&quot;:&quot;yes&quot;,&quot;_ob_shadough_use&quot;:&quot;no&quot;,&quot;_ob_allow_hoveranimator&quot;:&quot;no&quot;}\" data-widget_type=\"text-editor.default\">\n\t\t\t\t<div class=\"elementor-widget-container\">\n\t\t\t\t\t\t\t\t\t<p>In der Zeit vom 29.04-04.05.2025 waren wir endlich wieder zu Gast an der sch\u00f6nen Nordseek\u00fcste.<br \/>In Schillig, im Wangerland, wohnten wir zum dritten Mal im AWO-Sano-Feriendorf in zwei Holzh\u00e4usern.<\/p><p><br \/>Einige BewohnerInnen der WG Lindenstra\u00dfe G\u00fctersloh und aus dem Bereich des Ambulant Betreuten Wohnens der Verlerstra\u00dfe genossen das durchgehend sonnige und trockene Wetter und die lokalen kulinarischen K\u00f6stlichkeiten. Wir erkundeten jeden Tag die Umgebung und besuchten viele K\u00fcstenorte. Ein Stadtbummel in Wilhelmshaven durfte nat\u00fcrlich auch nicht fehlen. Ein fester Programmpunkt war erneut eine Schifffahrt zu den Seehundb\u00e4nken.<\/p><p>Viel Zeit verbrachten wir in geselliger Runde auf den Terrassen der Ferienh\u00e4user. Sch\u00f6n war`s wieder\u2026.<\/p>\t\t\t\t\t\t\t\t<\/div>\n\t\t\t\t<\/div>\n\t\t\t\t<\/div>\n\t\t<div class=\"elementor-element elementor-element-2197d266 e-con-full e-flex e-con e-child\" data-id=\"2197d266\" data-element_type=\"container\" data-e-type=\"container\" data-settings=\"{&quot;_ob_use_container_extras&quot;:&quot;no&quot;,&quot;_ob_column_hoveranimator&quot;:&quot;no&quot;,&quot;_ob_glider_is_slider&quot;:&quot;no&quot;,&quot;_ob_column_has_pseudo&quot;:&quot;no&quot;}\">\n\t\t\t\t<div class=\"elementor-element elementor-element-38dec374 gallery-spacing-custom ob-has-background-overlay elementor-widget elementor-widget-image-gallery\" data-id=\"38dec374\" data-element_type=\"widget\" data-e-type=\"widget\" data-settings=\"{&quot;_ob_widget_stalker_use&quot;:&quot;no&quot;,&quot;_ob_poopart_use&quot;:&quot;yes&quot;,&quot;_ob_shadough_use&quot;:&quot;no&quot;,&quot;_ob_allow_hoveranimator&quot;:&quot;no&quot;}\" data-widget_type=\"image-gallery.default\">\n\t\t\t\t<div class=\"elementor-widget-container\">\n\t\t\t\t\t\t\t<div class=\"elementor-image-gallery\">\n\t\t\t<div id='gallery-1' class='gallery galleryid-1621 gallery-columns-2 gallery-size-full'><figure class='gallery-item'>\n\t\t\t<div class='gallery-icon landscape'>\n\t\t\t\t<a data-elementor-open-lightbox=\"yes\" data-elementor-lightbox-slideshow=\"38dec374\" data-e-action-hash=\"#elementor-action%3Aaction%3Dlightbox%26settings%3DeyJpZCI6MTY1OSwidXJsIjoiaHR0cHM6XC9cL3d3dy56aXJrZWwtZ3VldGVyc2xvaC5kZVwvd3AtY29udGVudFwvdXBsb2Fkc1wvMjAyNVwvMDZcLzEwMDAwNzY5NDUuanBnIiwic2xpZGVzaG93IjoiMzhkZWMzNzQifQ%3D%3D\" href='https:\/\/www.zirkel-guetersloh.de\/wp-content\/uploads\/2025\/06\/1000076945.jpg'><img fetchpriority=\"high\" decoding=\"async\" width=\"1080\" height=\"720\" src=\"https:\/\/www.zirkel-guetersloh.de\/wp-content\/uploads\/2025\/06\/1000076945.jpg\" class=\"attachment-full size-full\" alt=\"\" \/><\/a>\n\t\t\t<\/div><\/figure><figure class='gallery-item'>\n\t\t\t<div class='gallery-icon landscape'>\n\t\t\t\t<a data-elementor-open-lightbox=\"yes\" data-elementor-lightbox-slideshow=\"38dec374\" data-e-action-hash=\"#elementor-action%3Aaction%3Dlightbox%26settings%3DeyJpZCI6MTYyMiwidXJsIjoiaHR0cHM6XC9cL3d3dy56aXJrZWwtZ3VldGVyc2xvaC5kZVwvd3AtY29udGVudFwvdXBsb2Fkc1wvMjAyNVwvMDZcLzEwMDAwNzY3MzguanBnIiwic2xpZGVzaG93IjoiMzhkZWMzNzQifQ%3D%3D\" href='https:\/\/www.zirkel-guetersloh.de\/wp-content\/uploads\/2025\/06\/1000076738.jpg'><img decoding=\"async\" width=\"1080\" height=\"720\" src=\"https:\/\/www.zirkel-guetersloh.de\/wp-content\/uploads\/2025\/06\/1000076738.jpg\" class=\"attachment-full size-full\" alt=\"\" \/><\/a>\n\t\t\t<\/div><\/figure><figure class='gallery-item'>\n\t\t\t<div class='gallery-icon landscape'>\n\t\t\t\t<a data-elementor-open-lightbox=\"yes\" data-elementor-lightbox-slideshow=\"38dec374\" data-e-action-hash=\"#elementor-action%3Aaction%3Dlightbox%26settings%3DeyJpZCI6MTYyNSwidXJsIjoiaHR0cHM6XC9cL3d3dy56aXJrZWwtZ3VldGVyc2xvaC5kZVwvd3AtY29udGVudFwvdXBsb2Fkc1wvMjAyNVwvMDZcLzEwMDAwNzY4ODUuanBnIiwic2xpZGVzaG93IjoiMzhkZWMzNzQifQ%3D%3D\" href='https:\/\/www.zirkel-guetersloh.de\/wp-content\/uploads\/2025\/06\/1000076885.jpg'><img decoding=\"async\" width=\"1080\" height=\"720\" src=\"https:\/\/www.zirkel-guetersloh.de\/wp-content\/uploads\/2025\/06\/1000076885.jpg\" class=\"attachment-full size-full\" alt=\"\" \/><\/a>\n\t\t\t<\/div><\/figure><figure class='gallery-item'>\n\t\t\t<div class='gallery-icon landscape'>\n\t\t\t\t<a data-elementor-open-lightbox=\"yes\" data-elementor-lightbox-slideshow=\"38dec374\" data-e-action-hash=\"#elementor-action%3Aaction%3Dlightbox%26settings%3DeyJpZCI6MTY2MCwidXJsIjoiaHR0cHM6XC9cL3d3dy56aXJrZWwtZ3VldGVyc2xvaC5kZVwvd3AtY29udGVudFwvdXBsb2Fkc1wvMjAyNVwvMDZcLzEwMDAwNzc1MTkuanBnIiwic2xpZGVzaG93IjoiMzhkZWMzNzQifQ%3D%3D\" href='https:\/\/www.zirkel-guetersloh.de\/wp-content\/uploads\/2025\/06\/1000077519.jpg'><img loading=\"lazy\" decoding=\"async\" width=\"1080\" height=\"720\" src=\"https:\/\/www.zirkel-guetersloh.de\/wp-content\/uploads\/2025\/06\/1000077519.jpg\" class=\"attachment-full size-full\" alt=\"\" \/><\/a>\n\t\t\t<\/div><\/figure><figure class='gallery-item'>\n\t\t\t<div class='gallery-icon landscape'>\n\t\t\t\t<a data-elementor-open-lightbox=\"yes\" data-elementor-lightbox-slideshow=\"38dec374\" data-e-action-hash=\"#elementor-action%3Aaction%3Dlightbox%26settings%3DeyJpZCI6MTYyNCwidXJsIjoiaHR0cHM6XC9cL3d3dy56aXJrZWwtZ3VldGVyc2xvaC5kZVwvd3AtY29udGVudFwvdXBsb2Fkc1wvMjAyNVwvMDZcLzEwMDAwNzY4NzEuanBnIiwic2xpZGVzaG93IjoiMzhkZWMzNzQifQ%3D%3D\" href='https:\/\/www.zirkel-guetersloh.de\/wp-content\/uploads\/2025\/06\/1000076871.jpg'><img loading=\"lazy\" decoding=\"async\" width=\"1080\" height=\"720\" src=\"https:\/\/www.zirkel-guetersloh.de\/wp-content\/uploads\/2025\/06\/1000076871.jpg\" class=\"attachment-full size-full\" alt=\"\" \/><\/a>\n\t\t\t<\/div><\/figure><figure class='gallery-item'>\n\t\t\t<div class='gallery-icon landscape'>\n\t\t\t\t<a data-elementor-open-lightbox=\"yes\" data-elementor-lightbox-slideshow=\"38dec374\" data-e-action-hash=\"#elementor-action%3Aaction%3Dlightbox%26settings%3DeyJpZCI6MTYyMywidXJsIjoiaHR0cHM6XC9cL3d3dy56aXJrZWwtZ3VldGVyc2xvaC5kZVwvd3AtY29udGVudFwvdXBsb2Fkc1wvMjAyNVwvMDZcLzEwMDAwNzY4MjYuanBnIiwic2xpZGVzaG93IjoiMzhkZWMzNzQifQ%3D%3D\" href='https:\/\/www.zirkel-guetersloh.de\/wp-content\/uploads\/2025\/06\/1000076826.jpg'><img loading=\"lazy\" decoding=\"async\" width=\"1080\" height=\"720\" src=\"https:\/\/www.zirkel-guetersloh.de\/wp-content\/uploads\/2025\/06\/1000076826.jpg\" class=\"attachment-full size-full\" alt=\"\" \/><\/a>\n\t\t\t<\/div><\/figure>\n\t\t<\/div>\n\t\t<\/div>\n\t\t\t\t\t\t<\/div>\n\t\t\t\t<\/div>\n\t\t\t\t<\/div>\n\t\t\t\t\t<\/div>\n\t\t\t\t<\/div>\n\t\t\t\t<\/div>\n\t\t","protected":false},"excerpt":{"rendered":"<p>Nordsee-Urlaub Ab ans Meer&#8230; In der Zeit vom 29.04-04.05.2025 waren wir endlich wieder zu Gast an der sch\u00f6nen Nordseek\u00fcste.In Schillig, im Wangerland, wohnten wir zum dritten Mal im AWO-Sano-Feriendorf in zwei Holzh\u00e4usern. Einige BewohnerInnen der WG Lindenstra\u00dfe G\u00fctersloh und aus dem Bereich des Ambulant Betreuten Wohnens der Verlerstra\u00dfe genossen das durchgehend sonnige und trockene Wetter [&hellip;]<\/p>\n","protected":false},"author":3,"featured_media":1623,"comment_status":"closed","ping_status":"closed","sticky":false,"template":"","format":"standard","meta":{"footnotes":""},"categories":[1],"tags":[],"class_list":["post-1621","post","type-post","status-publish","format-standard","has-post-thumbnail","hentry","category-allgemein"],"_links":{"self":[{"href":"https:\/\/www.zirkel-guetersloh.de\/index.php\/wp-json\/wp\/v2\/posts\/1621","targetHints":{"allow":["GET"]}}],"collection":[{"href":"https:\/\/www.zirkel-guetersloh.de\/index.php\/wp-json\/wp\/v2\/posts"}],"about":[{"href":"https:\/\/www.zirkel-guetersloh.de\/index.php\/wp-json\/wp\/v2\/types\/post"}],"author":[{"embeddable":true,"href":"https:\/\/www.zirkel-guetersloh.de\/index.php\/wp-json\/wp\/v2\/users\/3"}],"replies":[{"embeddable":true,"href":"https:\/\/www.zirkel-guetersloh.de\/index.php\/wp-json\/wp\/v2\/comments?post=1621"}],"version-history":[{"count":9,"href":"https:\/\/www.zirkel-guetersloh.de\/index.php\/wp-json\/wp\/v2\/posts\/1621\/revisions"}],"predecessor-version":[{"id":1663,"href":"https:\/\/www.zirkel-guetersloh.de\/index.php\/wp-json\/wp\/v2\/posts\/1621\/revisions\/1663"}],"wp:featuredmedia":[{"embeddable":true,"href":"https:\/\/www.zirkel-guetersloh.de\/index.php\/wp-json\/wp\/v2\/media\/1623"}],"wp:attachment":[{"href":"https:\/\/www.zirkel-guetersloh.de\/index.php\/wp-json\/wp\/v2\/media?parent=1621"}],"wp:term":[{"taxonomy":"category","embeddable":true,"href":"https:\/\/www.zirkel-guetersloh.de\/index.php\/wp-json\/wp\/v2\/categories?post=1621"},{"taxonomy":"post_tag","embeddable":true,"href":"https:\/\/www.zirkel-guetersloh.de\/index.php\/wp-json\/wp\/v2\/tags?post=1621"}],"curies":[{"name":"wp","href":"https:\/\/api.w.org\/{rel}","templated":true}]}}