{"id":1534,"date":"2024-07-04T13:39:07","date_gmt":"2024-07-04T11:39:07","guid":{"rendered":"https:\/\/www.zirkel-guetersloh.de\/?p=1534"},"modified":"2024-07-04T13:39:10","modified_gmt":"2024-07-04T11:39:10","slug":"zirkel-team-beim-aok-firmenlauf-am-12-06-2024","status":"publish","type":"post","link":"https:\/\/www.zirkel-guetersloh.de\/index.php\/2024\/07\/04\/zirkel-team-beim-aok-firmenlauf-am-12-06-2024\/","title":{"rendered":"Zirkel-Team beim AOK Firmenlauf am 12.06.2024"},"content":{"rendered":"\t\t<div data-elementor-type=\"wp-post\" data-elementor-id=\"1534\" class=\"elementor elementor-1534\">\n\t\t\t\t<div class=\"aux-parallax-section elementor-element elementor-element-4af62f15 e-flex e-con-boxed e-con e-parent\" data-id=\"4af62f15\" data-element_type=\"container\" data-e-type=\"container\" data-settings=\"{&quot;background_background&quot;:&quot;classic&quot;,&quot;_ob_use_container_extras&quot;:&quot;no&quot;,&quot;_ob_column_hoveranimator&quot;:&quot;no&quot;,&quot;_ob_glider_is_slider&quot;:&quot;no&quot;,&quot;_ob_column_has_pseudo&quot;:&quot;no&quot;}\">\n\t\t\t\t\t<div class=\"e-con-inner\">\n\t\t\t\t<div class=\"elementor-element elementor-element-6025b0ce ob-harakiri-inherit ob-has-background-overlay elementor-widget elementor-widget-heading\" data-id=\"6025b0ce\" data-element_type=\"widget\" data-e-type=\"widget\" data-settings=\"{&quot;_ob_use_harakiri&quot;:&quot;yes&quot;,&quot;_ob_harakiri_writing_mode&quot;:&quot;inherit&quot;,&quot;_ob_harakiri_text_clip&quot;:&quot;none&quot;,&quot;_ob_widget_stalker_use&quot;:&quot;no&quot;,&quot;_ob_poopart_use&quot;:&quot;yes&quot;,&quot;_ob_shadough_use&quot;:&quot;no&quot;,&quot;_ob_allow_hoveranimator&quot;:&quot;no&quot;}\" data-widget_type=\"heading.default\">\n\t\t\t\t<div class=\"elementor-widget-container\">\n\t\t\t\t\t<h1 class=\"elementor-heading-title elementor-size-default\">AOK Firmenlauf<\/h1>\t\t\t\t<\/div>\n\t\t\t\t<\/div>\n\t\t\t\t\t<\/div>\n\t\t\t\t<\/div>\n\t\t<div class=\"aux-parallax-section elementor-element elementor-element-6a7cd7d4 e-flex e-con-boxed e-con e-parent\" data-id=\"6a7cd7d4\" data-element_type=\"container\" data-e-type=\"container\" data-settings=\"{&quot;_ob_use_container_extras&quot;:&quot;no&quot;,&quot;_ob_column_hoveranimator&quot;:&quot;no&quot;,&quot;_ob_glider_is_slider&quot;:&quot;no&quot;,&quot;_ob_column_has_pseudo&quot;:&quot;no&quot;}\">\n\t\t\t\t\t<div class=\"e-con-inner\">\n\t\t<div class=\"elementor-element elementor-element-7657835 e-con-full e-flex e-con e-child\" data-id=\"7657835\" data-element_type=\"container\" data-e-type=\"container\" data-settings=\"{&quot;_ob_use_container_extras&quot;:&quot;no&quot;,&quot;_ob_column_hoveranimator&quot;:&quot;no&quot;,&quot;_ob_glider_is_slider&quot;:&quot;no&quot;,&quot;_ob_column_has_pseudo&quot;:&quot;no&quot;}\">\n\t\t\t\t<div class=\"elementor-element elementor-element-5d393746 ob-harakiri-inherit ob-has-background-overlay elementor-widget elementor-widget-heading\" data-id=\"5d393746\" data-element_type=\"widget\" data-e-type=\"widget\" data-settings=\"{&quot;_ob_use_harakiri&quot;:&quot;yes&quot;,&quot;_ob_harakiri_writing_mode&quot;:&quot;inherit&quot;,&quot;_ob_harakiri_text_clip&quot;:&quot;none&quot;,&quot;_ob_widget_stalker_use&quot;:&quot;no&quot;,&quot;_ob_poopart_use&quot;:&quot;yes&quot;,&quot;_ob_shadough_use&quot;:&quot;no&quot;,&quot;_ob_allow_hoveranimator&quot;:&quot;no&quot;}\" data-widget_type=\"heading.default\">\n\t\t\t\t<div class=\"elementor-widget-container\">\n\t\t\t\t\t<h3 class=\"elementor-heading-title elementor-size-default\">Firmenlauf in Rheda-Wiedenbr\u00fcck<\/h3>\t\t\t\t<\/div>\n\t\t\t\t<\/div>\n\t\t\t\t<div class=\"elementor-element elementor-element-c7a3b30 ob-harakiri-inherit ob-has-background-overlay elementor-widget elementor-widget-text-editor\" data-id=\"c7a3b30\" data-element_type=\"widget\" data-e-type=\"widget\" data-settings=\"{&quot;_ob_use_harakiri&quot;:&quot;yes&quot;,&quot;_ob_harakiri_writing_mode&quot;:&quot;inherit&quot;,&quot;_ob_postman_use&quot;:&quot;no&quot;,&quot;_ob_widget_stalker_use&quot;:&quot;no&quot;,&quot;_ob_poopart_use&quot;:&quot;yes&quot;,&quot;_ob_shadough_use&quot;:&quot;no&quot;,&quot;_ob_allow_hoveranimator&quot;:&quot;no&quot;}\" data-widget_type=\"text-editor.default\">\n\t\t\t\t<div class=\"elementor-widget-container\">\n\t\t\t\t\t\t\t\t\t<p>Am 12.06.2024 haben Mitarbeitende unseres Teams des Ambulant Betreuten Wohnens an einem AOK Firmenlauf in Rheda-Wiedenbr\u00fcck teilgenommen.<\/p><p>Ausgestattet mit Trikots mit unserem Firmenlogo hatten alle Teilnehmende viel Spa\u00df an diesem Lauf und haben den Zirkel hervorragend vertreten.<\/p><p>Das Team ist sich einig: Beim n\u00e4chsten Firmenlauf sind wir wieder dabei und hoffen, dass auch einige von uns betreute Klienten*innen mitlaufen.<\/p>\t\t\t\t\t\t\t\t<\/div>\n\t\t\t\t<\/div>\n\t\t\t\t<\/div>\n\t\t<div class=\"elementor-element elementor-element-2197d266 e-con-full e-flex e-con e-child\" data-id=\"2197d266\" data-element_type=\"container\" data-e-type=\"container\" data-settings=\"{&quot;_ob_use_container_extras&quot;:&quot;no&quot;,&quot;_ob_column_hoveranimator&quot;:&quot;no&quot;,&quot;_ob_glider_is_slider&quot;:&quot;no&quot;,&quot;_ob_column_has_pseudo&quot;:&quot;no&quot;}\">\n\t\t\t\t<div class=\"elementor-element elementor-element-38dec374 gallery-spacing-custom ob-has-background-overlay elementor-widget elementor-widget-image-gallery\" data-id=\"38dec374\" data-element_type=\"widget\" data-e-type=\"widget\" data-settings=\"{&quot;_ob_widget_stalker_use&quot;:&quot;no&quot;,&quot;_ob_poopart_use&quot;:&quot;yes&quot;,&quot;_ob_shadough_use&quot;:&quot;no&quot;,&quot;_ob_allow_hoveranimator&quot;:&quot;no&quot;}\" data-widget_type=\"image-gallery.default\">\n\t\t\t\t<div class=\"elementor-widget-container\">\n\t\t\t\t\t\t\t<div class=\"elementor-image-gallery\">\n\t\t\t\n<a data-elementor-open-lightbox=\"yes\" data-elementor-lightbox-slideshow=\"38dec374\" data-e-action-hash=\"#elementor-action%3Aaction%3Dlightbox%26settings%3DeyJpZCI6MTUzNSwidXJsIjoiaHR0cHM6XC9cL3d3dy56aXJrZWwtZ3VldGVyc2xvaC5kZVwvd3AtY29udGVudFwvdXBsb2Fkc1wvMjAyNFwvMDdcL0Zpcm1lbmxhdWYxLmpwZyIsInNsaWRlc2hvdyI6IjM4ZGVjMzc0In0%3D\" href='https:\/\/www.zirkel-guetersloh.de\/wp-content\/uploads\/2024\/07\/Firmenlauf1.jpg'><img fetchpriority=\"high\" decoding=\"async\" width=\"1080\" height=\"720\" src=\"https:\/\/www.zirkel-guetersloh.de\/wp-content\/uploads\/2024\/07\/Firmenlauf1.jpg\" class=\"attachment-full size-full\" alt=\"\" \/><\/a>\n<a data-elementor-open-lightbox=\"yes\" data-elementor-lightbox-slideshow=\"38dec374\" data-e-action-hash=\"#elementor-action%3Aaction%3Dlightbox%26settings%3DeyJpZCI6MTUzOCwidXJsIjoiaHR0cHM6XC9cL3d3dy56aXJrZWwtZ3VldGVyc2xvaC5kZVwvd3AtY29udGVudFwvdXBsb2Fkc1wvMjAyNFwvMDdcL0Zpcm1lbmxhdWY0LmpwZyIsInNsaWRlc2hvdyI6IjM4ZGVjMzc0In0%3D\" href='https:\/\/www.zirkel-guetersloh.de\/wp-content\/uploads\/2024\/07\/Firmenlauf4.jpg'><img decoding=\"async\" width=\"1080\" height=\"720\" src=\"https:\/\/www.zirkel-guetersloh.de\/wp-content\/uploads\/2024\/07\/Firmenlauf4.jpg\" class=\"attachment-full size-full\" alt=\"\" \/><\/a>\n<a data-elementor-open-lightbox=\"yes\" data-elementor-lightbox-slideshow=\"38dec374\" data-e-action-hash=\"#elementor-action%3Aaction%3Dlightbox%26settings%3DeyJpZCI6MTUzNiwidXJsIjoiaHR0cHM6XC9cL3d3dy56aXJrZWwtZ3VldGVyc2xvaC5kZVwvd3AtY29udGVudFwvdXBsb2Fkc1wvMjAyNFwvMDdcL0Zpcm1lbmxhdWYyLmpwZyIsInNsaWRlc2hvdyI6IjM4ZGVjMzc0In0%3D\" href='https:\/\/www.zirkel-guetersloh.de\/wp-content\/uploads\/2024\/07\/Firmenlauf2.jpg'><img decoding=\"async\" width=\"720\" height=\"1080\" src=\"https:\/\/www.zirkel-guetersloh.de\/wp-content\/uploads\/2024\/07\/Firmenlauf2.jpg\" class=\"attachment-full size-full\" alt=\"\" \/><\/a>\n<a data-elementor-open-lightbox=\"yes\" data-elementor-lightbox-slideshow=\"38dec374\" data-e-action-hash=\"#elementor-action%3Aaction%3Dlightbox%26settings%3DeyJpZCI6MTUzNywidXJsIjoiaHR0cHM6XC9cL3d3dy56aXJrZWwtZ3VldGVyc2xvaC5kZVwvd3AtY29udGVudFwvdXBsb2Fkc1wvMjAyNFwvMDdcL0Zpcm1lbmxhdWYzLmpwZyIsInNsaWRlc2hvdyI6IjM4ZGVjMzc0In0%3D\" href='https:\/\/www.zirkel-guetersloh.de\/wp-content\/uploads\/2024\/07\/Firmenlauf3.jpg'><img loading=\"lazy\" decoding=\"async\" width=\"720\" height=\"1080\" src=\"https:\/\/www.zirkel-guetersloh.de\/wp-content\/uploads\/2024\/07\/Firmenlauf3.jpg\" class=\"attachment-full size-full\" alt=\"\" \/><\/a>\n\t\t<\/div>\n\t\t\t\t\t\t<\/div>\n\t\t\t\t<\/div>\n\t\t\t\t<\/div>\n\t\t\t\t\t<\/div>\n\t\t\t\t<\/div>\n\t\t\t\t<\/div>\n\t\t","protected":false},"excerpt":{"rendered":"<p>AOK Firmenlauf Firmenlauf in Rheda-Wiedenbr\u00fcck Am 12.06.2024 haben Mitarbeitende unseres Teams des Ambulant Betreuten Wohnens an einem AOK Firmenlauf in Rheda-Wiedenbr\u00fcck teilgenommen. Ausgestattet mit Trikots mit unserem Firmenlogo hatten alle Teilnehmende viel Spa\u00df an diesem Lauf und haben den Zirkel hervorragend vertreten. Das Team ist sich einig: Beim n\u00e4chsten Firmenlauf sind wir wieder dabei und [&hellip;]<\/p>\n","protected":false},"author":3,"featured_media":1535,"comment_status":"closed","ping_status":"closed","sticky":false,"template":"","format":"standard","meta":{"footnotes":""},"categories":[1],"tags":[],"class_list":["post-1534","post","type-post","status-publish","format-standard","has-post-thumbnail","hentry","category-allgemein"],"_links":{"self":[{"href":"https:\/\/www.zirkel-guetersloh.de\/index.php\/wp-json\/wp\/v2\/posts\/1534","targetHints":{"allow":["GET"]}}],"collection":[{"href":"https:\/\/www.zirkel-guetersloh.de\/index.php\/wp-json\/wp\/v2\/posts"}],"about":[{"href":"https:\/\/www.zirkel-guetersloh.de\/index.php\/wp-json\/wp\/v2\/types\/post"}],"author":[{"embeddable":true,"href":"https:\/\/www.zirkel-guetersloh.de\/index.php\/wp-json\/wp\/v2\/users\/3"}],"replies":[{"embeddable":true,"href":"https:\/\/www.zirkel-guetersloh.de\/index.php\/wp-json\/wp\/v2\/comments?post=1534"}],"version-history":[{"count":4,"href":"https:\/\/www.zirkel-guetersloh.de\/index.php\/wp-json\/wp\/v2\/posts\/1534\/revisions"}],"predecessor-version":[{"id":1542,"href":"https:\/\/www.zirkel-guetersloh.de\/index.php\/wp-json\/wp\/v2\/posts\/1534\/revisions\/1542"}],"wp:featuredmedia":[{"embeddable":true,"href":"https:\/\/www.zirkel-guetersloh.de\/index.php\/wp-json\/wp\/v2\/media\/1535"}],"wp:attachment":[{"href":"https:\/\/www.zirkel-guetersloh.de\/index.php\/wp-json\/wp\/v2\/media?parent=1534"}],"wp:term":[{"taxonomy":"category","embeddable":true,"href":"https:\/\/www.zirkel-guetersloh.de\/index.php\/wp-json\/wp\/v2\/categories?post=1534"},{"taxonomy":"post_tag","embeddable":true,"href":"https:\/\/www.zirkel-guetersloh.de\/index.php\/wp-json\/wp\/v2\/tags?post=1534"}],"curies":[{"name":"wp","href":"https:\/\/api.w.org\/{rel}","templated":true}]}}