{"id":1515,"date":"2024-05-27T11:42:33","date_gmt":"2024-05-27T09:42:33","guid":{"rendered":"https:\/\/www.zirkel-guetersloh.de\/?p=1515"},"modified":"2024-07-04T13:39:44","modified_gmt":"2024-07-04T11:39:44","slug":"wohngruppenferienfreizeit-lindenstrasse-guetersloh","status":"publish","type":"post","link":"https:\/\/www.zirkel-guetersloh.de\/index.php\/2024\/05\/27\/wohngruppenferienfreizeit-lindenstrasse-guetersloh\/","title":{"rendered":"Wohngruppen-Ferienfreizeit Lindenstra\u00dfe G\u00fctersloh"},"content":{"rendered":"\t\t<div data-elementor-type=\"wp-post\" data-elementor-id=\"1515\" class=\"elementor elementor-1515\">\n\t\t\t\t<div class=\"aux-parallax-section elementor-element elementor-element-4af62f15 e-flex e-con-boxed e-con e-parent\" data-id=\"4af62f15\" data-element_type=\"container\" data-e-type=\"container\" data-settings=\"{&quot;background_background&quot;:&quot;classic&quot;,&quot;_ob_use_container_extras&quot;:&quot;no&quot;,&quot;_ob_column_hoveranimator&quot;:&quot;no&quot;,&quot;_ob_glider_is_slider&quot;:&quot;no&quot;,&quot;_ob_column_has_pseudo&quot;:&quot;no&quot;}\">\n\t\t\t\t\t<div class=\"e-con-inner\">\n\t\t\t\t<div class=\"elementor-element elementor-element-6025b0ce ob-harakiri-inherit ob-has-background-overlay elementor-widget elementor-widget-heading\" data-id=\"6025b0ce\" data-element_type=\"widget\" data-e-type=\"widget\" data-settings=\"{&quot;_ob_use_harakiri&quot;:&quot;yes&quot;,&quot;_ob_harakiri_writing_mode&quot;:&quot;inherit&quot;,&quot;_ob_harakiri_text_clip&quot;:&quot;none&quot;,&quot;_ob_widget_stalker_use&quot;:&quot;no&quot;,&quot;_ob_poopart_use&quot;:&quot;yes&quot;,&quot;_ob_shadough_use&quot;:&quot;no&quot;,&quot;_ob_allow_hoveranimator&quot;:&quot;no&quot;}\" data-widget_type=\"heading.default\">\n\t\t\t\t<div class=\"elementor-widget-container\">\n\t\t\t\t\t<h1 class=\"elementor-heading-title elementor-size-default\">Ferienfreizeit WG Lindenstra\u00dfe<\/h1>\t\t\t\t<\/div>\n\t\t\t\t<\/div>\n\t\t\t\t\t<\/div>\n\t\t\t\t<\/div>\n\t\t<div class=\"aux-parallax-section elementor-element elementor-element-6a7cd7d4 e-flex e-con-boxed e-con e-parent\" data-id=\"6a7cd7d4\" data-element_type=\"container\" data-e-type=\"container\" data-settings=\"{&quot;_ob_use_container_extras&quot;:&quot;no&quot;,&quot;_ob_column_hoveranimator&quot;:&quot;no&quot;,&quot;_ob_glider_is_slider&quot;:&quot;no&quot;,&quot;_ob_column_has_pseudo&quot;:&quot;no&quot;}\">\n\t\t\t\t\t<div class=\"e-con-inner\">\n\t\t<div class=\"elementor-element elementor-element-7657835 e-con-full e-flex e-con e-child\" data-id=\"7657835\" data-element_type=\"container\" data-e-type=\"container\" data-settings=\"{&quot;_ob_use_container_extras&quot;:&quot;no&quot;,&quot;_ob_column_hoveranimator&quot;:&quot;no&quot;,&quot;_ob_glider_is_slider&quot;:&quot;no&quot;,&quot;_ob_column_has_pseudo&quot;:&quot;no&quot;}\">\n\t\t\t\t<div class=\"elementor-element elementor-element-5d393746 ob-harakiri-inherit ob-has-background-overlay elementor-widget elementor-widget-heading\" data-id=\"5d393746\" data-element_type=\"widget\" data-e-type=\"widget\" data-settings=\"{&quot;_ob_use_harakiri&quot;:&quot;yes&quot;,&quot;_ob_harakiri_writing_mode&quot;:&quot;inherit&quot;,&quot;_ob_harakiri_text_clip&quot;:&quot;none&quot;,&quot;_ob_widget_stalker_use&quot;:&quot;no&quot;,&quot;_ob_poopart_use&quot;:&quot;yes&quot;,&quot;_ob_shadough_use&quot;:&quot;no&quot;,&quot;_ob_allow_hoveranimator&quot;:&quot;no&quot;}\" data-widget_type=\"heading.default\">\n\t\t\t\t<div class=\"elementor-widget-container\">\n\t\t\t\t\t<h3 class=\"elementor-heading-title elementor-size-default\">An der Nordseek\u00fcste...<\/h3>\t\t\t\t<\/div>\n\t\t\t\t<\/div>\n\t\t\t\t<div class=\"elementor-element elementor-element-c7a3b30 ob-harakiri-inherit ob-has-background-overlay elementor-widget elementor-widget-text-editor\" data-id=\"c7a3b30\" data-element_type=\"widget\" data-e-type=\"widget\" data-settings=\"{&quot;_ob_use_harakiri&quot;:&quot;yes&quot;,&quot;_ob_harakiri_writing_mode&quot;:&quot;inherit&quot;,&quot;_ob_postman_use&quot;:&quot;no&quot;,&quot;_ob_widget_stalker_use&quot;:&quot;no&quot;,&quot;_ob_poopart_use&quot;:&quot;yes&quot;,&quot;_ob_shadough_use&quot;:&quot;no&quot;,&quot;_ob_allow_hoveranimator&quot;:&quot;no&quot;}\" data-widget_type=\"text-editor.default\">\n\t\t\t\t<div class=\"elementor-widget-container\">\n\t\t\t\t\t\t\t\t\t<p>Vom 30. April bis zum 05.Mai 2024 fand die diesj\u00e4hrige Wohngruppen-Ferienfreizeit der WG Lindenstra\u00dfe G\u00fctersloh statt. Auch aus dem Bereich des Ambulant Betreuten Wohnens der Verlerstra\u00dfe fuhren zwei Bewohner mit. Zum zweiten Mal waren wir im AWO-Sano-Dorf in Schillig, an der Nordseek\u00fcste zu Gast. Dort wohnten wir in zwei nebeneinanderliegenden Holz-Ferienh\u00e4usern. Das Wetter meinte es sehr gut mit uns, wir hatten an allen Tagen strahlenden Sonnenschein. Das Fr\u00fchst\u00fcck und das reichhaltige\u00a0 warme Abendessen, schmeckte allen gut und wir g\u00f6nnten uns zwischendurch Leckereien, vom Fischbr\u00f6tchen bis zum Eis. Wir besuchten einige K\u00fcstenorte \u00a0und ein Stadtbummel in Wilhelmshaven durfte nicht fehlen.<\/p><p>Alle waren sich einig: n\u00e4chstes Jahr fahren wir wieder nach Schillig, an die wundersch\u00f6ne Nordseek\u00fcste!<\/p>\t\t\t\t\t\t\t\t<\/div>\n\t\t\t\t<\/div>\n\t\t\t\t<\/div>\n\t\t<div class=\"elementor-element elementor-element-2197d266 e-con-full e-flex e-con e-child\" data-id=\"2197d266\" data-element_type=\"container\" data-e-type=\"container\" data-settings=\"{&quot;_ob_use_container_extras&quot;:&quot;no&quot;,&quot;_ob_column_hoveranimator&quot;:&quot;no&quot;,&quot;_ob_glider_is_slider&quot;:&quot;no&quot;,&quot;_ob_column_has_pseudo&quot;:&quot;no&quot;}\">\n\t\t\t\t<div class=\"elementor-element elementor-element-38dec374 gallery-spacing-custom ob-has-background-overlay elementor-widget elementor-widget-image-gallery\" data-id=\"38dec374\" data-element_type=\"widget\" data-e-type=\"widget\" data-settings=\"{&quot;_ob_widget_stalker_use&quot;:&quot;no&quot;,&quot;_ob_poopart_use&quot;:&quot;yes&quot;,&quot;_ob_shadough_use&quot;:&quot;no&quot;,&quot;_ob_allow_hoveranimator&quot;:&quot;no&quot;}\" data-widget_type=\"image-gallery.default\">\n\t\t\t\t<div class=\"elementor-widget-container\">\n\t\t\t\t\t\t\t<div class=\"elementor-image-gallery\">\n\t\t\t\n<a data-elementor-open-lightbox=\"yes\" data-elementor-lightbox-slideshow=\"38dec374\" data-e-action-hash=\"#elementor-action%3Aaction%3Dlightbox%26settings%3DeyJpZCI6MTUyMSwidXJsIjoiaHR0cHM6XC9cL3d3dy56aXJrZWwtZ3VldGVyc2xvaC5kZVwvd3AtY29udGVudFwvdXBsb2Fkc1wvMjAyNFwvMDVcL0ZlcmllbmZyZWl6ZWl0MjAyNC01LmpwZyIsInNsaWRlc2hvdyI6IjM4ZGVjMzc0In0%3D\" href='https:\/\/www.zirkel-guetersloh.de\/wp-content\/uploads\/2024\/05\/Ferienfreizeit2024-5.jpg'><img fetchpriority=\"high\" decoding=\"async\" width=\"1080\" height=\"720\" src=\"https:\/\/www.zirkel-guetersloh.de\/wp-content\/uploads\/2024\/05\/Ferienfreizeit2024-5.jpg\" class=\"attachment-full size-full\" alt=\"\" \/><\/a>\n<a data-elementor-open-lightbox=\"yes\" data-elementor-lightbox-slideshow=\"38dec374\" data-e-action-hash=\"#elementor-action%3Aaction%3Dlightbox%26settings%3DeyJpZCI6MTUxOSwidXJsIjoiaHR0cHM6XC9cL3d3dy56aXJrZWwtZ3VldGVyc2xvaC5kZVwvd3AtY29udGVudFwvdXBsb2Fkc1wvMjAyNFwvMDVcL0ZlcmllbmZyZWl6ZWl0MjAyNC0zLmpwZyIsInNsaWRlc2hvdyI6IjM4ZGVjMzc0In0%3D\" href='https:\/\/www.zirkel-guetersloh.de\/wp-content\/uploads\/2024\/05\/Ferienfreizeit2024-3.jpg'><img decoding=\"async\" width=\"1080\" height=\"720\" src=\"https:\/\/www.zirkel-guetersloh.de\/wp-content\/uploads\/2024\/05\/Ferienfreizeit2024-3.jpg\" class=\"attachment-full size-full\" alt=\"\" \/><\/a>\n<a data-elementor-open-lightbox=\"yes\" data-elementor-lightbox-slideshow=\"38dec374\" data-e-action-hash=\"#elementor-action%3Aaction%3Dlightbox%26settings%3DeyJpZCI6MTUxOCwidXJsIjoiaHR0cHM6XC9cL3d3dy56aXJrZWwtZ3VldGVyc2xvaC5kZVwvd3AtY29udGVudFwvdXBsb2Fkc1wvMjAyNFwvMDVcL0ZlcmllbmZyZWl6ZWl0MjAyNC0yLmpwZyIsInNsaWRlc2hvdyI6IjM4ZGVjMzc0In0%3D\" href='https:\/\/www.zirkel-guetersloh.de\/wp-content\/uploads\/2024\/05\/Ferienfreizeit2024-2.jpg'><img decoding=\"async\" width=\"1080\" height=\"720\" src=\"https:\/\/www.zirkel-guetersloh.de\/wp-content\/uploads\/2024\/05\/Ferienfreizeit2024-2.jpg\" class=\"attachment-full size-full\" alt=\"\" \/><\/a>\n<a data-elementor-open-lightbox=\"yes\" data-elementor-lightbox-slideshow=\"38dec374\" data-e-action-hash=\"#elementor-action%3Aaction%3Dlightbox%26settings%3DeyJpZCI6MTUyMiwidXJsIjoiaHR0cHM6XC9cL3d3dy56aXJrZWwtZ3VldGVyc2xvaC5kZVwvd3AtY29udGVudFwvdXBsb2Fkc1wvMjAyNFwvMDVcL0ZlcmllbmZyZWl6ZWl0MjAyNC02LmpwZyIsInNsaWRlc2hvdyI6IjM4ZGVjMzc0In0%3D\" href='https:\/\/www.zirkel-guetersloh.de\/wp-content\/uploads\/2024\/05\/Ferienfreizeit2024-6.jpg'><img loading=\"lazy\" decoding=\"async\" width=\"1080\" height=\"720\" src=\"https:\/\/www.zirkel-guetersloh.de\/wp-content\/uploads\/2024\/05\/Ferienfreizeit2024-6.jpg\" class=\"attachment-full size-full\" alt=\"\" \/><\/a>\n<a data-elementor-open-lightbox=\"yes\" data-elementor-lightbox-slideshow=\"38dec374\" data-e-action-hash=\"#elementor-action%3Aaction%3Dlightbox%26settings%3DeyJpZCI6MTUyMywidXJsIjoiaHR0cHM6XC9cL3d3dy56aXJrZWwtZ3VldGVyc2xvaC5kZVwvd3AtY29udGVudFwvdXBsb2Fkc1wvMjAyNFwvMDVcL0ZlcmllbmZyZWl6ZWl0MjAyNC03LmpwZyIsInNsaWRlc2hvdyI6IjM4ZGVjMzc0In0%3D\" href='https:\/\/www.zirkel-guetersloh.de\/wp-content\/uploads\/2024\/05\/Ferienfreizeit2024-7.jpg'><img loading=\"lazy\" decoding=\"async\" width=\"1080\" height=\"720\" src=\"https:\/\/www.zirkel-guetersloh.de\/wp-content\/uploads\/2024\/05\/Ferienfreizeit2024-7.jpg\" class=\"attachment-full size-full\" alt=\"\" \/><\/a>\n<a data-elementor-open-lightbox=\"yes\" data-elementor-lightbox-slideshow=\"38dec374\" data-e-action-hash=\"#elementor-action%3Aaction%3Dlightbox%26settings%3DeyJpZCI6MTUxNywidXJsIjoiaHR0cHM6XC9cL3d3dy56aXJrZWwtZ3VldGVyc2xvaC5kZVwvd3AtY29udGVudFwvdXBsb2Fkc1wvMjAyNFwvMDVcL0ZlcmllbmZyZWl6ZWl0MjAyNC0xLmpwZyIsInNsaWRlc2hvdyI6IjM4ZGVjMzc0In0%3D\" href='https:\/\/www.zirkel-guetersloh.de\/wp-content\/uploads\/2024\/05\/Ferienfreizeit2024-1.jpg'><img loading=\"lazy\" decoding=\"async\" width=\"1080\" height=\"720\" src=\"https:\/\/www.zirkel-guetersloh.de\/wp-content\/uploads\/2024\/05\/Ferienfreizeit2024-1.jpg\" class=\"attachment-full size-full\" alt=\"\" \/><\/a>\n<a data-elementor-open-lightbox=\"yes\" data-elementor-lightbox-slideshow=\"38dec374\" data-e-action-hash=\"#elementor-action%3Aaction%3Dlightbox%26settings%3DeyJpZCI6MTUyMCwidXJsIjoiaHR0cHM6XC9cL3d3dy56aXJrZWwtZ3VldGVyc2xvaC5kZVwvd3AtY29udGVudFwvdXBsb2Fkc1wvMjAyNFwvMDVcL0ZlcmllbmZyZWl6ZWl0MjAyNC00LmpwZyIsInNsaWRlc2hvdyI6IjM4ZGVjMzc0In0%3D\" href='https:\/\/www.zirkel-guetersloh.de\/wp-content\/uploads\/2024\/05\/Ferienfreizeit2024-4.jpg'><img loading=\"lazy\" decoding=\"async\" width=\"1080\" height=\"720\" src=\"https:\/\/www.zirkel-guetersloh.de\/wp-content\/uploads\/2024\/05\/Ferienfreizeit2024-4.jpg\" class=\"attachment-full size-full\" alt=\"\" \/><\/a>\n\t\t<\/div>\n\t\t\t\t\t\t<\/div>\n\t\t\t\t<\/div>\n\t\t\t\t<\/div>\n\t\t\t\t\t<\/div>\n\t\t\t\t<\/div>\n\t\t\t\t<\/div>\n\t\t","protected":false},"excerpt":{"rendered":"<p>Ferienfreizeit WG Lindenstra\u00dfe An der Nordseek\u00fcste&#8230; Vom 30. April bis zum 05.Mai 2024 fand die diesj\u00e4hrige Wohngruppen-Ferienfreizeit der WG Lindenstra\u00dfe G\u00fctersloh statt. Auch aus dem Bereich des Ambulant Betreuten Wohnens der Verlerstra\u00dfe fuhren zwei Bewohner mit. Zum zweiten Mal waren wir im AWO-Sano-Dorf in Schillig, an der Nordseek\u00fcste zu Gast. Dort wohnten wir in zwei [&hellip;]<\/p>\n","protected":false},"author":3,"featured_media":1517,"comment_status":"closed","ping_status":"closed","sticky":false,"template":"","format":"standard","meta":{"footnotes":""},"categories":[1],"tags":[],"class_list":["post-1515","post","type-post","status-publish","format-standard","has-post-thumbnail","hentry","category-allgemein"],"_links":{"self":[{"href":"https:\/\/www.zirkel-guetersloh.de\/index.php\/wp-json\/wp\/v2\/posts\/1515","targetHints":{"allow":["GET"]}}],"collection":[{"href":"https:\/\/www.zirkel-guetersloh.de\/index.php\/wp-json\/wp\/v2\/posts"}],"about":[{"href":"https:\/\/www.zirkel-guetersloh.de\/index.php\/wp-json\/wp\/v2\/types\/post"}],"author":[{"embeddable":true,"href":"https:\/\/www.zirkel-guetersloh.de\/index.php\/wp-json\/wp\/v2\/users\/3"}],"replies":[{"embeddable":true,"href":"https:\/\/www.zirkel-guetersloh.de\/index.php\/wp-json\/wp\/v2\/comments?post=1515"}],"version-history":[{"count":5,"href":"https:\/\/www.zirkel-guetersloh.de\/index.php\/wp-json\/wp\/v2\/posts\/1515\/revisions"}],"predecessor-version":[{"id":1543,"href":"https:\/\/www.zirkel-guetersloh.de\/index.php\/wp-json\/wp\/v2\/posts\/1515\/revisions\/1543"}],"wp:featuredmedia":[{"embeddable":true,"href":"https:\/\/www.zirkel-guetersloh.de\/index.php\/wp-json\/wp\/v2\/media\/1517"}],"wp:attachment":[{"href":"https:\/\/www.zirkel-guetersloh.de\/index.php\/wp-json\/wp\/v2\/media?parent=1515"}],"wp:term":[{"taxonomy":"category","embeddable":true,"href":"https:\/\/www.zirkel-guetersloh.de\/index.php\/wp-json\/wp\/v2\/categories?post=1515"},{"taxonomy":"post_tag","embeddable":true,"href":"https:\/\/www.zirkel-guetersloh.de\/index.php\/wp-json\/wp\/v2\/tags?post=1515"}],"curies":[{"name":"wp","href":"https:\/\/api.w.org\/{rel}","templated":true}]}}