{"id":1398,"date":"2024-03-21T11:22:55","date_gmt":"2024-03-21T10:22:55","guid":{"rendered":"https:\/\/www.zirkel-guetersloh.de\/?p=1398"},"modified":"2024-03-21T11:25:14","modified_gmt":"2024-03-21T10:25:14","slug":"aktivitaeten-der-wg-mondweg","status":"publish","type":"post","link":"https:\/\/www.zirkel-guetersloh.de\/index.php\/2024\/03\/21\/aktivitaeten-der-wg-mondweg\/","title":{"rendered":"Aktivit\u00e4ten der WG Mondweg"},"content":{"rendered":"\t\t<div data-elementor-type=\"wp-post\" data-elementor-id=\"1398\" class=\"elementor elementor-1398\">\n\t\t\t\t<div class=\"aux-parallax-section elementor-element elementor-element-35c2eee0 e-flex e-con-boxed e-con e-parent\" data-id=\"35c2eee0\" data-element_type=\"container\" data-e-type=\"container\" data-settings=\"{&quot;background_background&quot;:&quot;classic&quot;,&quot;_ob_use_container_extras&quot;:&quot;no&quot;,&quot;_ob_column_hoveranimator&quot;:&quot;no&quot;,&quot;_ob_glider_is_slider&quot;:&quot;no&quot;,&quot;_ob_column_has_pseudo&quot;:&quot;no&quot;}\">\n\t\t\t\t\t<div class=\"e-con-inner\">\n\t\t\t\t<div class=\"elementor-element elementor-element-388a3fa3 ob-harakiri-inherit ob-has-background-overlay elementor-widget elementor-widget-heading\" data-id=\"388a3fa3\" data-element_type=\"widget\" data-e-type=\"widget\" data-settings=\"{&quot;_ob_use_harakiri&quot;:&quot;yes&quot;,&quot;_ob_harakiri_writing_mode&quot;:&quot;inherit&quot;,&quot;_ob_harakiri_text_clip&quot;:&quot;none&quot;,&quot;_ob_widget_stalker_use&quot;:&quot;no&quot;,&quot;_ob_poopart_use&quot;:&quot;yes&quot;,&quot;_ob_shadough_use&quot;:&quot;no&quot;,&quot;_ob_allow_hoveranimator&quot;:&quot;no&quot;}\" data-widget_type=\"heading.default\">\n\t\t\t\t<div class=\"elementor-widget-container\">\n\t\t\t\t\t<h1 class=\"elementor-heading-title elementor-size-default\">Aktivit\u00e4ten der WG Mondweg<\/h1>\t\t\t\t<\/div>\n\t\t\t\t<\/div>\n\t\t\t\t\t<\/div>\n\t\t\t\t<\/div>\n\t\t<div class=\"aux-parallax-section elementor-element elementor-element-14130fb6 e-flex e-con-boxed e-con e-parent\" data-id=\"14130fb6\" data-element_type=\"container\" data-e-type=\"container\" data-settings=\"{&quot;_ob_use_container_extras&quot;:&quot;no&quot;,&quot;_ob_column_hoveranimator&quot;:&quot;no&quot;,&quot;_ob_glider_is_slider&quot;:&quot;no&quot;,&quot;_ob_column_has_pseudo&quot;:&quot;no&quot;}\">\n\t\t\t\t\t<div class=\"e-con-inner\">\n\t\t<div class=\"elementor-element elementor-element-c2e5104 e-con-full e-flex e-con e-child\" data-id=\"c2e5104\" data-element_type=\"container\" data-e-type=\"container\" data-settings=\"{&quot;_ob_use_container_extras&quot;:&quot;no&quot;,&quot;_ob_column_hoveranimator&quot;:&quot;no&quot;,&quot;_ob_glider_is_slider&quot;:&quot;no&quot;,&quot;_ob_column_has_pseudo&quot;:&quot;no&quot;}\">\n\t\t\t\t<div class=\"elementor-element elementor-element-cdac281 ob-harakiri-inherit ob-has-background-overlay elementor-widget elementor-widget-heading\" data-id=\"cdac281\" data-element_type=\"widget\" data-e-type=\"widget\" data-settings=\"{&quot;_ob_use_harakiri&quot;:&quot;yes&quot;,&quot;_ob_harakiri_writing_mode&quot;:&quot;inherit&quot;,&quot;_ob_harakiri_text_clip&quot;:&quot;none&quot;,&quot;_ob_widget_stalker_use&quot;:&quot;no&quot;,&quot;_ob_poopart_use&quot;:&quot;yes&quot;,&quot;_ob_shadough_use&quot;:&quot;no&quot;,&quot;_ob_allow_hoveranimator&quot;:&quot;no&quot;}\" data-widget_type=\"heading.default\">\n\t\t\t\t<div class=\"elementor-widget-container\">\n\t\t\t\t\t<h3 class=\"elementor-heading-title elementor-size-default\">Planwagenfahrt und mehr<\/h3>\t\t\t\t<\/div>\n\t\t\t\t<\/div>\n\t\t\t\t<div class=\"elementor-element elementor-element-87c2796 ob-harakiri-inherit ob-has-background-overlay elementor-widget elementor-widget-text-editor\" data-id=\"87c2796\" data-element_type=\"widget\" data-e-type=\"widget\" data-settings=\"{&quot;_ob_use_harakiri&quot;:&quot;yes&quot;,&quot;_ob_harakiri_writing_mode&quot;:&quot;inherit&quot;,&quot;_ob_postman_use&quot;:&quot;no&quot;,&quot;_ob_widget_stalker_use&quot;:&quot;no&quot;,&quot;_ob_poopart_use&quot;:&quot;yes&quot;,&quot;_ob_shadough_use&quot;:&quot;no&quot;,&quot;_ob_allow_hoveranimator&quot;:&quot;no&quot;}\" data-widget_type=\"text-editor.default\">\n\t\t\t\t<div class=\"elementor-widget-container\">\n\t\t\t\t\t\t\t\t\t<p>In der Urlaubszeit wurden Spazierg\u00e4nge und Besuche in Kaffees und Eisdielen angeboten. Die Angebote wurden gerne angenommen.<\/p><p>Ein gro\u00dfes Ereignis f\u00fcr die Bewohnerinnen und Bewohner war die Planwagenfahrt in Richtung Avenwedde aufgebrochen. Die Planung war, dass wir eine ca. 1,5 st\u00fcndige Fahrt \u00fcber die Felder das Verler Umland machen. Wir hatten reichlich Obst und Gem\u00fcse aufgeschnitten, Getr\u00e4nke und Snacks eingepackt.<\/p><p>Nach Ankunft am Gest\u00fct war die Aufregung, aber auch die Vorfreude sehr gro\u00df. Die Fahrt hat allen Bewohnern\/innen, aber auch Mitarbeiter\/innen sehr viel Freude bereitet. Dies kann, man auf den Fotos gut erkennen. Es war ein sehr entspannter Nachmittag. Der Ausflug kam so gut an, dass noch heute davon erz\u00e4hlt wird.<\/p>\t\t\t\t\t\t\t\t<\/div>\n\t\t\t\t<\/div>\n\t\t\t\t<\/div>\n\t\t<div class=\"elementor-element elementor-element-5bf1b470 e-con-full e-flex e-con e-child\" data-id=\"5bf1b470\" data-element_type=\"container\" data-e-type=\"container\" data-settings=\"{&quot;_ob_use_container_extras&quot;:&quot;no&quot;,&quot;_ob_column_hoveranimator&quot;:&quot;no&quot;,&quot;_ob_glider_is_slider&quot;:&quot;no&quot;,&quot;_ob_column_has_pseudo&quot;:&quot;no&quot;}\">\n\t\t\t\t<div class=\"elementor-element elementor-element-8771d78 ob-has-background-overlay elementor-widget elementor-widget-spacer\" data-id=\"8771d78\" data-element_type=\"widget\" data-e-type=\"widget\" data-settings=\"{&quot;_ob_spacerat_use&quot;:&quot;no&quot;,&quot;_ob_widget_stalker_use&quot;:&quot;no&quot;,&quot;_ob_poopart_use&quot;:&quot;yes&quot;,&quot;_ob_shadough_use&quot;:&quot;no&quot;,&quot;_ob_allow_hoveranimator&quot;:&quot;no&quot;}\" data-widget_type=\"spacer.default\">\n\t\t\t\t<div class=\"elementor-widget-container\">\n\t\t\t\t\t\t\t<div class=\"elementor-spacer\">\n\t\t\t<div class=\"elementor-spacer-inner\"><\/div>\n\t\t<\/div>\n\t\t\t\t\t\t<\/div>\n\t\t\t\t<\/div>\n\t\t\t\t<div class=\"elementor-element elementor-element-18471987 gallery-spacing-custom ob-has-background-overlay elementor-widget elementor-widget-image-gallery\" data-id=\"18471987\" data-element_type=\"widget\" data-e-type=\"widget\" data-settings=\"{&quot;_ob_widget_stalker_use&quot;:&quot;no&quot;,&quot;_ob_poopart_use&quot;:&quot;yes&quot;,&quot;_ob_shadough_use&quot;:&quot;no&quot;,&quot;_ob_allow_hoveranimator&quot;:&quot;no&quot;}\" data-widget_type=\"image-gallery.default\">\n\t\t\t\t<div class=\"elementor-widget-container\">\n\t\t\t\t\t\t\t<div class=\"elementor-image-gallery\">\n\t\t\t<div id='gallery-1' class='gallery galleryid-1398 gallery-columns-2 gallery-size-full'><figure class='gallery-item'>\n\t\t\t<div class='gallery-icon landscape'>\n\t\t\t\t<a data-elementor-open-lightbox=\"yes\" data-elementor-lightbox-slideshow=\"18471987\" data-e-action-hash=\"#elementor-action%3Aaction%3Dlightbox%26settings%3DeyJpZCI6MTQwMiwidXJsIjoiaHR0cHM6XC9cL3d3dy56aXJrZWwtZ3VldGVyc2xvaC5kZVwvd3AtY29udGVudFwvdXBsb2Fkc1wvMjAyNFwvMDNcL21vbmR3ZWc0LmpwZyIsInNsaWRlc2hvdyI6IjE4NDcxOTg3In0%3D\" href='https:\/\/www.zirkel-guetersloh.de\/wp-content\/uploads\/2024\/03\/mondweg4.jpg'><img fetchpriority=\"high\" decoding=\"async\" width=\"1080\" height=\"720\" src=\"https:\/\/www.zirkel-guetersloh.de\/wp-content\/uploads\/2024\/03\/mondweg4.jpg\" class=\"attachment-full size-full\" alt=\"\" \/><\/a>\n\t\t\t<\/div><\/figure><figure class='gallery-item'>\n\t\t\t<div class='gallery-icon landscape'>\n\t\t\t\t<a data-elementor-open-lightbox=\"yes\" data-elementor-lightbox-slideshow=\"18471987\" data-e-action-hash=\"#elementor-action%3Aaction%3Dlightbox%26settings%3DeyJpZCI6MTQwMCwidXJsIjoiaHR0cHM6XC9cL3d3dy56aXJrZWwtZ3VldGVyc2xvaC5kZVwvd3AtY29udGVudFwvdXBsb2Fkc1wvMjAyNFwvMDNcL21vbmR3ZWcyLmpwZyIsInNsaWRlc2hvdyI6IjE4NDcxOTg3In0%3D\" href='https:\/\/www.zirkel-guetersloh.de\/wp-content\/uploads\/2024\/03\/mondweg2.jpg'><img decoding=\"async\" width=\"1080\" height=\"720\" src=\"https:\/\/www.zirkel-guetersloh.de\/wp-content\/uploads\/2024\/03\/mondweg2.jpg\" class=\"attachment-full size-full\" alt=\"\" \/><\/a>\n\t\t\t<\/div><\/figure><figure class='gallery-item'>\n\t\t\t<div class='gallery-icon landscape'>\n\t\t\t\t<a data-elementor-open-lightbox=\"yes\" data-elementor-lightbox-slideshow=\"18471987\" data-e-action-hash=\"#elementor-action%3Aaction%3Dlightbox%26settings%3DeyJpZCI6MTM5OSwidXJsIjoiaHR0cHM6XC9cL3d3dy56aXJrZWwtZ3VldGVyc2xvaC5kZVwvd3AtY29udGVudFwvdXBsb2Fkc1wvMjAyNFwvMDNcL21vbmR3ZWcxLmpwZyIsInNsaWRlc2hvdyI6IjE4NDcxOTg3In0%3D\" href='https:\/\/www.zirkel-guetersloh.de\/wp-content\/uploads\/2024\/03\/mondweg1.jpg'><img decoding=\"async\" width=\"1080\" height=\"720\" src=\"https:\/\/www.zirkel-guetersloh.de\/wp-content\/uploads\/2024\/03\/mondweg1.jpg\" class=\"attachment-full size-full\" alt=\"\" \/><\/a>\n\t\t\t<\/div><\/figure><figure class='gallery-item'>\n\t\t\t<div class='gallery-icon landscape'>\n\t\t\t\t<a data-elementor-open-lightbox=\"yes\" data-elementor-lightbox-slideshow=\"18471987\" data-e-action-hash=\"#elementor-action%3Aaction%3Dlightbox%26settings%3DeyJpZCI6MTQwMSwidXJsIjoiaHR0cHM6XC9cL3d3dy56aXJrZWwtZ3VldGVyc2xvaC5kZVwvd3AtY29udGVudFwvdXBsb2Fkc1wvMjAyNFwvMDNcL21vbmR3ZWczLmpwZyIsInNsaWRlc2hvdyI6IjE4NDcxOTg3In0%3D\" href='https:\/\/www.zirkel-guetersloh.de\/wp-content\/uploads\/2024\/03\/mondweg3.jpg'><img loading=\"lazy\" decoding=\"async\" width=\"1080\" height=\"720\" src=\"https:\/\/www.zirkel-guetersloh.de\/wp-content\/uploads\/2024\/03\/mondweg3.jpg\" class=\"attachment-full size-full\" alt=\"\" \/><\/a>\n\t\t\t<\/div><\/figure>\n\t\t<\/div>\n\t\t<\/div>\n\t\t\t\t\t\t<\/div>\n\t\t\t\t<\/div>\n\t\t\t\t<\/div>\n\t\t\t\t\t<\/div>\n\t\t\t\t<\/div>\n\t\t\t\t<\/div>\n\t\t","protected":false},"excerpt":{"rendered":"<p>Aktivit\u00e4ten der WG Mondweg Planwagenfahrt und mehr In der Urlaubszeit wurden Spazierg\u00e4nge und Besuche in Kaffees und Eisdielen angeboten. Die Angebote wurden gerne angenommen. Ein gro\u00dfes Ereignis f\u00fcr die Bewohnerinnen und Bewohner war die Planwagenfahrt in Richtung Avenwedde aufgebrochen. Die Planung war, dass wir eine ca. 1,5 st\u00fcndige Fahrt \u00fcber die Felder das Verler Umland [&hellip;]<\/p>\n","protected":false},"author":3,"featured_media":1399,"comment_status":"closed","ping_status":"closed","sticky":false,"template":"","format":"standard","meta":{"footnotes":""},"categories":[1],"tags":[],"class_list":["post-1398","post","type-post","status-publish","format-standard","has-post-thumbnail","hentry","category-allgemein"],"_links":{"self":[{"href":"https:\/\/www.zirkel-guetersloh.de\/index.php\/wp-json\/wp\/v2\/posts\/1398","targetHints":{"allow":["GET"]}}],"collection":[{"href":"https:\/\/www.zirkel-guetersloh.de\/index.php\/wp-json\/wp\/v2\/posts"}],"about":[{"href":"https:\/\/www.zirkel-guetersloh.de\/index.php\/wp-json\/wp\/v2\/types\/post"}],"author":[{"embeddable":true,"href":"https:\/\/www.zirkel-guetersloh.de\/index.php\/wp-json\/wp\/v2\/users\/3"}],"replies":[{"embeddable":true,"href":"https:\/\/www.zirkel-guetersloh.de\/index.php\/wp-json\/wp\/v2\/comments?post=1398"}],"version-history":[{"count":4,"href":"https:\/\/www.zirkel-guetersloh.de\/index.php\/wp-json\/wp\/v2\/posts\/1398\/revisions"}],"predecessor-version":[{"id":1407,"href":"https:\/\/www.zirkel-guetersloh.de\/index.php\/wp-json\/wp\/v2\/posts\/1398\/revisions\/1407"}],"wp:featuredmedia":[{"embeddable":true,"href":"https:\/\/www.zirkel-guetersloh.de\/index.php\/wp-json\/wp\/v2\/media\/1399"}],"wp:attachment":[{"href":"https:\/\/www.zirkel-guetersloh.de\/index.php\/wp-json\/wp\/v2\/media?parent=1398"}],"wp:term":[{"taxonomy":"category","embeddable":true,"href":"https:\/\/www.zirkel-guetersloh.de\/index.php\/wp-json\/wp\/v2\/categories?post=1398"},{"taxonomy":"post_tag","embeddable":true,"href":"https:\/\/www.zirkel-guetersloh.de\/index.php\/wp-json\/wp\/v2\/tags?post=1398"}],"curies":[{"name":"wp","href":"https:\/\/api.w.org\/{rel}","templated":true}]}}